{"id":2350,"date":"2021-06-25T21:57:07","date_gmt":"2021-06-25T19:57:07","guid":{"rendered":"https:\/\/www.canguillo.de\/unas-vacaciones-sanas-en-una-finca\/"},"modified":"2021-07-22T13:17:04","modified_gmt":"2021-07-22T11:17:04","slug":"unas-vacaciones-sanas-en-una-finca","status":"publish","type":"post","link":"https:\/\/www.canguillo.de\/es\/unas-vacaciones-sanas-en-una-finca\/","title":{"rendered":"Unas vacaciones sanas en una finca"},"content":{"rendered":"<h2 id=\"HEADING\" class=\"heading_title\" style=\"text-align: left;\"><strong><span class=\"Estilo6\">El Cuidado de la Naturaleza:<\/span><\/strong><\/h2>\n<p>&nbsp;<\/p>\n<div class=\"itemFullText\">\n<p align=\"justify\"><span class=\"Estilo6\"> El cuidado de la naturaleza empieza aqu\u00ed. Se debe tomar consciencia ecologica, ahorrando recursos como electricidad, agua, no generando basura y por supuesto comiendo alimentos organicos. Pero \u00bfcomo se siente todo esto durante la mejor epoca del a\u00f1o: las vacaciones?<\/span><\/p>\n<p>&nbsp;<\/p>\n<p align=\"justify\"><span class=\"Estilo6\">Hay hoteleros en todo el mundo que descubren su conciencia ecol\u00f3gica &#8211; en parte por convicci\u00f3n, en parte debido a razones econ\u00f3micas. Hasta el momento, Mallorca no ten\u00eda mucho que ofrecer, pero ahora Finca Can Guillo comienza teniendo en cuenta las normas ecol\u00f3gicas. Los recortes en el consumo de agua y la energ\u00eda son un tema muy importante en toda las Islas Baleares. Debido a que el pr\u00f3ximo sistema de calefacci\u00f3n solar se encarga de calentar el agua y un sistema de calefacci\u00f3n de gas s\u00f3lo se unir\u00e1 si el sol no es suficiente.<\/span><\/p>\n<p>&nbsp;<\/p>\n<p align=\"justify\">Para la piscina, que se abstengan totalmente del uso de la qu\u00edmica agresiva &#8211; el agua se mantiene limpia mediante la adici\u00f3n de sal y una t\u00e9cnica inteligente que genera cloro natural.<\/p>\n<\/div>\n<p>&nbsp;<\/p>\n<p align=\"justify\">En Can Guillo disponemos de contenedores para que nuestros clientes tambien puedan reciclar carton-vidrio-plastico.<\/p>\n<p>&nbsp;<\/p>\n<p align=\"justify\">Todas las lamparas usan bombillas de bajo consumo.<\/p>\n<p>&nbsp;<\/p>\n<p align=\"justify\"><span class=\"st\">Y nuestros clientes pueden afrontar el d\u00eda con energ\u00eda con el desayuno ecol\u00f3gico m\u00e1s delicioso elaborado con productos ecol\u00f3gicos.<\/span><\/p>\n<p>&nbsp;<\/p>\n<p>&nbsp;<\/p>\n<p><img fetchpriority=\"high\" decoding=\"async\" class=\"alignnone size-full wp-image-2351\" src=\"https:\/\/www.canguillo.de\/wp-content\/uploads\/2018\/08\/mallorca-oekologie-1.jpg\" alt=\"\" width=\"530\" height=\"398\" srcset=\"https:\/\/www.canguillo.de\/wp-content\/uploads\/2018\/08\/mallorca-oekologie-1.jpg 530w, https:\/\/www.canguillo.de\/wp-content\/uploads\/2018\/08\/mallorca-oekologie-1-300x225.jpg 300w\" sizes=\"(max-width: 530px) 100vw, 530px\" \/><\/p>\n<p><img decoding=\"async\" class=\"alignnone size-full wp-image-2354\" src=\"https:\/\/www.canguillo.de\/wp-content\/uploads\/2018\/08\/mallorca-oekologie-2.jpg\" alt=\"\" width=\"530\" height=\"707\" srcset=\"https:\/\/www.canguillo.de\/wp-content\/uploads\/2018\/08\/mallorca-oekologie-2.jpg 530w, https:\/\/www.canguillo.de\/wp-content\/uploads\/2018\/08\/mallorca-oekologie-2-225x300.jpg 225w\" sizes=\"(max-width: 530px) 100vw, 530px\" \/><\/p>\n<p>&nbsp;<\/p>\n","protected":false},"excerpt":{"rendered":"<p>El Cuidado de la Naturaleza: &nbsp; El cuidado de la naturaleza empieza aqu\u00ed. Se debe tomar consciencia ecologica, ahorrando recursos como electricidad, agua, no generando basura y por supuesto comiendo alimentos organicos. Pero \u00bfcomo se siente todo esto durante la mejor epoca del a\u00f1o: las vacaciones? &nbsp; Hay hoteleros en todo el mundo que descubren [&hellip;]<\/p>\n","protected":false},"author":1,"featured_media":2351,"comment_status":"closed","ping_status":"closed","sticky":false,"template":"","format":"standard","meta":{"footnotes":""},"categories":[68],"tags":[71,72,69],"class_list":["post-2350","post","type-post","status-publish","format-standard","has-post-thumbnail","hentry","category-mallorca-es","tag-can-guillo-es","tag-cuidado-de-la-naturaleza","tag-hotel-rural"],"yoast_head":"<!-- This site is optimized with the Yoast SEO plugin v27.2 - https:\/\/yoast.com\/product\/yoast-seo-wordpress\/ -->\n<title>Unas vacaciones sanas en una finca - El Cuidado de la Naturaleza<\/title>\n<meta name=\"description\" content=\"El cuidado de la naturaleza empieza en Can Guillo. Se debe tomar consciencia ecologica, ahorrando recursos como electricidad, agua, no generando basura y por supuesto comiendo alimentos organicos.\" \/>\n<meta name=\"robots\" content=\"index, follow, max-snippet:-1, max-image-preview:large, max-video-preview:-1\" \/>\n<link rel=\"canonical\" href=\"https:\/\/www.canguillo.de\/es\/unas-vacaciones-sanas-en-una-finca\/\" \/>\n<meta property=\"og:locale\" content=\"es_ES\" \/>\n<meta property=\"og:type\" content=\"article\" \/>\n<meta property=\"og:title\" content=\"Unas vacaciones sanas en una finca - El Cuidado de la Naturaleza\" \/>\n<meta property=\"og:description\" content=\"El cuidado de la naturaleza empieza en Can Guillo. Se debe tomar consciencia ecologica, ahorrando recursos como electricidad, agua, no generando basura y por supuesto comiendo alimentos organicos.\" \/>\n<meta property=\"og:url\" content=\"https:\/\/www.canguillo.de\/es\/unas-vacaciones-sanas-en-una-finca\/\" \/>\n<meta property=\"og:site_name\" content=\"Finca-Hotel Can Guillo Mallorca\" \/>\n<meta property=\"article:publisher\" content=\"https:\/\/www.facebook.com\/canguillomallorca\" \/>\n<meta property=\"article:published_time\" content=\"2021-06-25T19:57:07+00:00\" \/>\n<meta property=\"article:modified_time\" content=\"2021-07-22T11:17:04+00:00\" \/>\n<meta property=\"og:image\" content=\"https:\/\/www.canguillo.de\/wp-content\/uploads\/2018\/08\/mallorca-oekologie-1.jpg\" \/>\n\t<meta property=\"og:image:width\" content=\"530\" \/>\n\t<meta property=\"og:image:height\" content=\"398\" \/>\n\t<meta property=\"og:image:type\" content=\"image\/jpeg\" \/>\n<meta name=\"author\" content=\"CanGuillo\" \/>\n<meta name=\"twitter:card\" content=\"summary_large_image\" \/>\n<meta name=\"twitter:label1\" content=\"Escrito por\" \/>\n\t<meta name=\"twitter:data1\" content=\"CanGuillo\" \/>\n\t<meta name=\"twitter:label2\" content=\"Tiempo de lectura\" \/>\n\t<meta name=\"twitter:data2\" content=\"1 minuto\" \/>\n<script type=\"application\/ld+json\" class=\"yoast-schema-graph\">{\"@context\":\"https:\/\/schema.org\",\"@graph\":[{\"@type\":\"Article\",\"@id\":\"https:\/\/www.canguillo.de\/es\/unas-vacaciones-sanas-en-una-finca\/#article\",\"isPartOf\":{\"@id\":\"https:\/\/www.canguillo.de\/es\/unas-vacaciones-sanas-en-una-finca\/\"},\"author\":{\"name\":\"CanGuillo\",\"@id\":\"https:\/\/www.canguillo.de\/es\/#\/schema\/person\/9e16ab6a3683d372927b5b9ae57a4564\"},\"headline\":\"Unas vacaciones sanas en una finca\",\"datePublished\":\"2021-06-25T19:57:07+00:00\",\"dateModified\":\"2021-07-22T11:17:04+00:00\",\"mainEntityOfPage\":{\"@id\":\"https:\/\/www.canguillo.de\/es\/unas-vacaciones-sanas-en-una-finca\/\"},\"wordCount\":246,\"publisher\":{\"@id\":\"https:\/\/www.canguillo.de\/es\/#organization\"},\"image\":{\"@id\":\"https:\/\/www.canguillo.de\/es\/unas-vacaciones-sanas-en-una-finca\/#primaryimage\"},\"thumbnailUrl\":\"https:\/\/www.canguillo.de\/wp-content\/uploads\/2018\/08\/mallorca-oekologie-1.jpg\",\"keywords\":[\"can guillo\",\"Cuidado de la Naturaleza\",\"hotel-rural\"],\"articleSection\":[\"Mallorca\"],\"inLanguage\":\"es\"},{\"@type\":\"WebPage\",\"@id\":\"https:\/\/www.canguillo.de\/es\/unas-vacaciones-sanas-en-una-finca\/\",\"url\":\"https:\/\/www.canguillo.de\/es\/unas-vacaciones-sanas-en-una-finca\/\",\"name\":\"Unas vacaciones sanas en una finca - El Cuidado de la Naturaleza\",\"isPartOf\":{\"@id\":\"https:\/\/www.canguillo.de\/es\/#website\"},\"primaryImageOfPage\":{\"@id\":\"https:\/\/www.canguillo.de\/es\/unas-vacaciones-sanas-en-una-finca\/#primaryimage\"},\"image\":{\"@id\":\"https:\/\/www.canguillo.de\/es\/unas-vacaciones-sanas-en-una-finca\/#primaryimage\"},\"thumbnailUrl\":\"https:\/\/www.canguillo.de\/wp-content\/uploads\/2018\/08\/mallorca-oekologie-1.jpg\",\"datePublished\":\"2021-06-25T19:57:07+00:00\",\"dateModified\":\"2021-07-22T11:17:04+00:00\",\"description\":\"El cuidado de la naturaleza empieza en Can Guillo. Se debe tomar consciencia ecologica, ahorrando recursos como electricidad, agua, no generando basura y por supuesto comiendo alimentos organicos.\",\"breadcrumb\":{\"@id\":\"https:\/\/www.canguillo.de\/es\/unas-vacaciones-sanas-en-una-finca\/#breadcrumb\"},\"inLanguage\":\"es\",\"potentialAction\":[{\"@type\":\"ReadAction\",\"target\":[\"https:\/\/www.canguillo.de\/es\/unas-vacaciones-sanas-en-una-finca\/\"]}]},{\"@type\":\"ImageObject\",\"inLanguage\":\"es\",\"@id\":\"https:\/\/www.canguillo.de\/es\/unas-vacaciones-sanas-en-una-finca\/#primaryimage\",\"url\":\"https:\/\/www.canguillo.de\/wp-content\/uploads\/2018\/08\/mallorca-oekologie-1.jpg\",\"contentUrl\":\"https:\/\/www.canguillo.de\/wp-content\/uploads\/2018\/08\/mallorca-oekologie-1.jpg\",\"width\":530,\"height\":398},{\"@type\":\"BreadcrumbList\",\"@id\":\"https:\/\/www.canguillo.de\/es\/unas-vacaciones-sanas-en-una-finca\/#breadcrumb\",\"itemListElement\":[{\"@type\":\"ListItem\",\"position\":1,\"name\":\"Portada\",\"item\":\"https:\/\/www.canguillo.de\/es\/\"},{\"@type\":\"ListItem\",\"position\":2,\"name\":\"Unas vacaciones sanas en una finca\"}]},{\"@type\":\"WebSite\",\"@id\":\"https:\/\/www.canguillo.de\/es\/#website\",\"url\":\"https:\/\/www.canguillo.de\/es\/\",\"name\":\"Finca-Hotel Can Guillo Mallorca\",\"description\":\"Landhotel Mallorca \u00b7 Country Hotel \u00b7 Agroturismo Pollenca\",\"publisher\":{\"@id\":\"https:\/\/www.canguillo.de\/es\/#organization\"},\"potentialAction\":[{\"@type\":\"SearchAction\",\"target\":{\"@type\":\"EntryPoint\",\"urlTemplate\":\"https:\/\/www.canguillo.de\/es\/?s={search_term_string}\"},\"query-input\":{\"@type\":\"PropertyValueSpecification\",\"valueRequired\":true,\"valueName\":\"search_term_string\"}}],\"inLanguage\":\"es\"},{\"@type\":\"Organization\",\"@id\":\"https:\/\/www.canguillo.de\/es\/#organization\",\"name\":\"Can Guillo S.L.\",\"url\":\"https:\/\/www.canguillo.de\/es\/\",\"logo\":{\"@type\":\"ImageObject\",\"inLanguage\":\"es\",\"@id\":\"https:\/\/www.canguillo.de\/es\/#\/schema\/logo\/image\/\",\"url\":\"https:\/\/www.canguillo.de\/wp-content\/uploads\/2018\/09\/finca-can-guillo-mallorca-00.jpg\",\"contentUrl\":\"https:\/\/www.canguillo.de\/wp-content\/uploads\/2018\/09\/finca-can-guillo-mallorca-00.jpg\",\"width\":533,\"height\":531,\"caption\":\"Can Guillo S.L.\"},\"image\":{\"@id\":\"https:\/\/www.canguillo.de\/es\/#\/schema\/logo\/image\/\"},\"sameAs\":[\"https:\/\/www.facebook.com\/canguillomallorca\",\"https:\/\/www.instagram.com\/canguillo\",\"https:\/\/www.youtube.com\/user\/canguillomallorca\"]},{\"@type\":\"Person\",\"@id\":\"https:\/\/www.canguillo.de\/es\/#\/schema\/person\/9e16ab6a3683d372927b5b9ae57a4564\",\"name\":\"CanGuillo\",\"sameAs\":[\"https:\/\/www.canguillo.de\"]}]}<\/script>\n<!-- \/ Yoast SEO plugin. -->","yoast_head_json":{"title":"Unas vacaciones sanas en una finca - El Cuidado de la Naturaleza","description":"El cuidado de la naturaleza empieza en Can Guillo. Se debe tomar consciencia ecologica, ahorrando recursos como electricidad, agua, no generando basura y por supuesto comiendo alimentos organicos.","robots":{"index":"index","follow":"follow","max-snippet":"max-snippet:-1","max-image-preview":"max-image-preview:large","max-video-preview":"max-video-preview:-1"},"canonical":"https:\/\/www.canguillo.de\/es\/unas-vacaciones-sanas-en-una-finca\/","og_locale":"es_ES","og_type":"article","og_title":"Unas vacaciones sanas en una finca - El Cuidado de la Naturaleza","og_description":"El cuidado de la naturaleza empieza en Can Guillo. Se debe tomar consciencia ecologica, ahorrando recursos como electricidad, agua, no generando basura y por supuesto comiendo alimentos organicos.","og_url":"https:\/\/www.canguillo.de\/es\/unas-vacaciones-sanas-en-una-finca\/","og_site_name":"Finca-Hotel Can Guillo Mallorca","article_publisher":"https:\/\/www.facebook.com\/canguillomallorca","article_published_time":"2021-06-25T19:57:07+00:00","article_modified_time":"2021-07-22T11:17:04+00:00","og_image":[{"width":530,"height":398,"url":"https:\/\/www.canguillo.de\/wp-content\/uploads\/2018\/08\/mallorca-oekologie-1.jpg","type":"image\/jpeg"}],"author":"CanGuillo","twitter_card":"summary_large_image","twitter_misc":{"Escrito por":"CanGuillo","Tiempo de lectura":"1 minuto"},"schema":{"@context":"https:\/\/schema.org","@graph":[{"@type":"Article","@id":"https:\/\/www.canguillo.de\/es\/unas-vacaciones-sanas-en-una-finca\/#article","isPartOf":{"@id":"https:\/\/www.canguillo.de\/es\/unas-vacaciones-sanas-en-una-finca\/"},"author":{"name":"CanGuillo","@id":"https:\/\/www.canguillo.de\/es\/#\/schema\/person\/9e16ab6a3683d372927b5b9ae57a4564"},"headline":"Unas vacaciones sanas en una finca","datePublished":"2021-06-25T19:57:07+00:00","dateModified":"2021-07-22T11:17:04+00:00","mainEntityOfPage":{"@id":"https:\/\/www.canguillo.de\/es\/unas-vacaciones-sanas-en-una-finca\/"},"wordCount":246,"publisher":{"@id":"https:\/\/www.canguillo.de\/es\/#organization"},"image":{"@id":"https:\/\/www.canguillo.de\/es\/unas-vacaciones-sanas-en-una-finca\/#primaryimage"},"thumbnailUrl":"https:\/\/www.canguillo.de\/wp-content\/uploads\/2018\/08\/mallorca-oekologie-1.jpg","keywords":["can guillo","Cuidado de la Naturaleza","hotel-rural"],"articleSection":["Mallorca"],"inLanguage":"es"},{"@type":"WebPage","@id":"https:\/\/www.canguillo.de\/es\/unas-vacaciones-sanas-en-una-finca\/","url":"https:\/\/www.canguillo.de\/es\/unas-vacaciones-sanas-en-una-finca\/","name":"Unas vacaciones sanas en una finca - El Cuidado de la Naturaleza","isPartOf":{"@id":"https:\/\/www.canguillo.de\/es\/#website"},"primaryImageOfPage":{"@id":"https:\/\/www.canguillo.de\/es\/unas-vacaciones-sanas-en-una-finca\/#primaryimage"},"image":{"@id":"https:\/\/www.canguillo.de\/es\/unas-vacaciones-sanas-en-una-finca\/#primaryimage"},"thumbnailUrl":"https:\/\/www.canguillo.de\/wp-content\/uploads\/2018\/08\/mallorca-oekologie-1.jpg","datePublished":"2021-06-25T19:57:07+00:00","dateModified":"2021-07-22T11:17:04+00:00","description":"El cuidado de la naturaleza empieza en Can Guillo. Se debe tomar consciencia ecologica, ahorrando recursos como electricidad, agua, no generando basura y por supuesto comiendo alimentos organicos.","breadcrumb":{"@id":"https:\/\/www.canguillo.de\/es\/unas-vacaciones-sanas-en-una-finca\/#breadcrumb"},"inLanguage":"es","potentialAction":[{"@type":"ReadAction","target":["https:\/\/www.canguillo.de\/es\/unas-vacaciones-sanas-en-una-finca\/"]}]},{"@type":"ImageObject","inLanguage":"es","@id":"https:\/\/www.canguillo.de\/es\/unas-vacaciones-sanas-en-una-finca\/#primaryimage","url":"https:\/\/www.canguillo.de\/wp-content\/uploads\/2018\/08\/mallorca-oekologie-1.jpg","contentUrl":"https:\/\/www.canguillo.de\/wp-content\/uploads\/2018\/08\/mallorca-oekologie-1.jpg","width":530,"height":398},{"@type":"BreadcrumbList","@id":"https:\/\/www.canguillo.de\/es\/unas-vacaciones-sanas-en-una-finca\/#breadcrumb","itemListElement":[{"@type":"ListItem","position":1,"name":"Portada","item":"https:\/\/www.canguillo.de\/es\/"},{"@type":"ListItem","position":2,"name":"Unas vacaciones sanas en una finca"}]},{"@type":"WebSite","@id":"https:\/\/www.canguillo.de\/es\/#website","url":"https:\/\/www.canguillo.de\/es\/","name":"Finca-Hotel Can Guillo Mallorca","description":"Landhotel Mallorca \u00b7 Country Hotel \u00b7 Agroturismo Pollenca","publisher":{"@id":"https:\/\/www.canguillo.de\/es\/#organization"},"potentialAction":[{"@type":"SearchAction","target":{"@type":"EntryPoint","urlTemplate":"https:\/\/www.canguillo.de\/es\/?s={search_term_string}"},"query-input":{"@type":"PropertyValueSpecification","valueRequired":true,"valueName":"search_term_string"}}],"inLanguage":"es"},{"@type":"Organization","@id":"https:\/\/www.canguillo.de\/es\/#organization","name":"Can Guillo S.L.","url":"https:\/\/www.canguillo.de\/es\/","logo":{"@type":"ImageObject","inLanguage":"es","@id":"https:\/\/www.canguillo.de\/es\/#\/schema\/logo\/image\/","url":"https:\/\/www.canguillo.de\/wp-content\/uploads\/2018\/09\/finca-can-guillo-mallorca-00.jpg","contentUrl":"https:\/\/www.canguillo.de\/wp-content\/uploads\/2018\/09\/finca-can-guillo-mallorca-00.jpg","width":533,"height":531,"caption":"Can Guillo S.L."},"image":{"@id":"https:\/\/www.canguillo.de\/es\/#\/schema\/logo\/image\/"},"sameAs":["https:\/\/www.facebook.com\/canguillomallorca","https:\/\/www.instagram.com\/canguillo","https:\/\/www.youtube.com\/user\/canguillomallorca"]},{"@type":"Person","@id":"https:\/\/www.canguillo.de\/es\/#\/schema\/person\/9e16ab6a3683d372927b5b9ae57a4564","name":"CanGuillo","sameAs":["https:\/\/www.canguillo.de"]}]}},"_links":{"self":[{"href":"https:\/\/www.canguillo.de\/es\/wp-json\/wp\/v2\/posts\/2350","targetHints":{"allow":["GET"]}}],"collection":[{"href":"https:\/\/www.canguillo.de\/es\/wp-json\/wp\/v2\/posts"}],"about":[{"href":"https:\/\/www.canguillo.de\/es\/wp-json\/wp\/v2\/types\/post"}],"author":[{"embeddable":true,"href":"https:\/\/www.canguillo.de\/es\/wp-json\/wp\/v2\/users\/1"}],"replies":[{"embeddable":true,"href":"https:\/\/www.canguillo.de\/es\/wp-json\/wp\/v2\/comments?post=2350"}],"version-history":[{"count":6,"href":"https:\/\/www.canguillo.de\/es\/wp-json\/wp\/v2\/posts\/2350\/revisions"}],"predecessor-version":[{"id":3835,"href":"https:\/\/www.canguillo.de\/es\/wp-json\/wp\/v2\/posts\/2350\/revisions\/3835"}],"wp:featuredmedia":[{"embeddable":true,"href":"https:\/\/www.canguillo.de\/es\/wp-json\/wp\/v2\/media\/2351"}],"wp:attachment":[{"href":"https:\/\/www.canguillo.de\/es\/wp-json\/wp\/v2\/media?parent=2350"}],"wp:term":[{"taxonomy":"category","embeddable":true,"href":"https:\/\/www.canguillo.de\/es\/wp-json\/wp\/v2\/categories?post=2350"},{"taxonomy":"post_tag","embeddable":true,"href":"https:\/\/www.canguillo.de\/es\/wp-json\/wp\/v2\/tags?post=2350"}],"curies":[{"name":"wp","href":"https:\/\/api.w.org\/{rel}","templated":true}]}}